{"id":449,"date":"2026-02-21T13:05:33","date_gmt":"2026-02-21T12:05:33","guid":{"rendered":"https:\/\/magdagleinert.wordpress.com\/?p=449"},"modified":"2026-05-07T13:01:15","modified_gmt":"2026-05-07T13:01:15","slug":"wiosna-nie-zaczyna-sie-w-kalendarzu","status":"publish","type":"post","link":"https:\/\/magdaartcrafting.pl\/?p=449","title":{"rendered":"Wiosna nie zaczyna si\u0119 w kalendarzu"},"content":{"rendered":"\n<p class=\"wp-block-paragraph\">S\u0105 takie momenty w roku, kiedy co\u015b si\u0119 przesuwa. Nie w przyrodzie. W nas. Dni robi\u0105 si\u0119 d\u0142u\u017csze, \u015bwiat\u0142o ostrzejsze, a my nagle widzimy wi\u0119cej &#8211; w szafie, w planach, w sobie. I co roku mnie to zaskakuje, mimo \u017ce przecie\u017c wiem, \u017ce to przyjdzie.<\/p>\n\n\n\n<p class=\"wp-block-paragraph\">Wiosna. Nie ta instagramowa z tulipanem i kaw\u0105 na tarasie. Tylko ta prawdziwa. Troch\u0119 niecierpliwa. Troch\u0119 wymagaj\u0105ca. Taka, kt\u00f3ra ka\u017ce przewietrzy\u0107 g\u0142ow\u0119  i ofert\u0119.<\/p>\n\n\n\n<h2 class=\"wp-block-heading\">Nowe torebki nie powsta\u0142y przypadkiem<\/h2>\n\n\n\n<p class=\"wp-block-paragraph\">Ka\u017cda kolekcja ma sw\u00f3j klimat. Ta przysz\u0142a razem z potrzeb\u0105 lekko\u015bci. Mniej ci\u0119\u017caru. Mniej \u201ena zapas\u201d. Wi\u0119cej ruchu. Projektuj\u0105c nowe modele, my\u015bla\u0142am o kobietach, kt\u00f3re nie stoj\u0105 w miejscu. Kt\u00f3re rano biegn\u0105 do pracy, po drodze odbieraj\u0105 telefon, po po\u0142udniu skr\u0119caj\u0105 po kwiaty, a wieczorem nagle zmieniaj\u0105 plan.<\/p>\n\n\n\n<p class=\"wp-block-paragraph\">Torebka ma za tym nad\u0105\u017ca\u0107. Nie przeszkadza\u0107. Nie ci\u0105\u017cy\u0107. Ma by\u0107 t\u0142em. Albo akcentem. W zale\u017cno\u015bci od dnia.<\/p>\n\n\n\n<h2 class=\"wp-block-heading\">Sprzeda\u017c to nie tylko \u201esprzedawanie\u201d<\/h2>\n\n\n\n<p class=\"wp-block-paragraph\">Zauwa\u017cy\u0142am co\u015b ciekawego. Wiosn\u0105 zmienia si\u0119 nie tylko to, co nosimy. Zmienia si\u0119 te\u017c to, jak kupujemy. Jeste\u015bmy odwa\u017cniejsze. Bardziej zdecydowane. Mniej zachowawcze. Zim\u0105 cz\u0119\u015bciej kalkulujemy. Wiosn\u0105 cz\u0119\u015bciej czujemy. <\/p>\n\n\n\n<p class=\"wp-block-paragraph\">I ja te\u017c tak mam jako tw\u00f3rczyni. Zim\u0105 projektuj\u0119 bezpieczniej. Wiosn\u0105 pozwalam sobie na wi\u0119cej. Na kolor, na detal, na form\u0119, kt\u00f3ra mo\u017ce nie spodoba si\u0119 wszystkim. I dobrze. Bo sprzeda\u017c to nie wyprzeda\u017c siebie. To moment, w kt\u00f3rym co\u015b, co powsta\u0142o z potrzeby, trafia do kogo\u015b, kto dok\u0142adnie tego potrzebowa\u0142.<\/p>\n\n\n\n<h2 class=\"wp-block-heading\">Dlaczego lubi\u0119 ten moment?<\/h2>\n\n\n\n<p class=\"wp-block-paragraph\">Bo to jest ten etap, kiedy torebki przestaj\u0105 by\u0107 \u201emoje\u201d. Zaczynaj\u0105 \u017cy\u0107 swoim \u017cyciem. L\u0105duj\u0105 w samochodach, w poci\u0105gach, na lotniskach. Stoj\u0105 na pod\u0142odze w biurze. Wisz\u0105 na oparciu krzes\u0142a w kawiarni. I nagle okazuje si\u0119, \u017ce to nie jest produkt. To jest element czyjej\u015b codzienno\u015bci. I chyba w\u0142a\u015bnie dlatego co roku czekam na t\u0119 wiosenn\u0105 sprzeda\u017c troch\u0119 jak na sprawdzian. <\/p>\n\n\n\n<p class=\"wp-block-paragraph\">Czy to, co zrobi\u0142am zim\u0105, ma sens w czyim\u015b \u017cyciu. Je\u015bli czujesz, \u017ce u Ciebie te\u017c co\u015b si\u0119 przesuwa &#8211; mo\u017ce to dobry moment na ma\u0142\u0105 zmian\u0119. Czasem wystarczy detal. Czasem wystarczy nowa torebka.<\/p>\n\n\n\n<p class=\"wp-block-paragraph\">Reszta jako\u015b si\u0119 uk\u0142ada.<\/p>\n","protected":false},"excerpt":{"rendered":"<p>S\u0105 takie momenty w roku, kiedy co\u015b si\u0119 przesuwa. Nie w przyrodzie. W nas. Dni robi\u0105 si\u0119 d\u0142u\u017csze, \u015bwiat\u0142o ostrzejsze, a my nagle widzimy wi\u0119cej &#8211; w szafie, w planach, w sobie. I co roku mnie to zaskakuje, mimo \u017ce przecie\u017c wiem, \u017ce to przyjdzie. Wiosna. Nie ta instagramowa z tulipanem i kaw\u0105 na tarasie. [&hellip;]<\/p>\n","protected":false},"author":1,"featured_media":0,"comment_status":"open","ping_status":"open","sticky":false,"template":"","format":"standard","meta":{"footnotes":""},"categories":[28,29],"tags":[34,43,44,45],"class_list":["post-449","post","type-post","status-publish","format-standard","hentry","category-blog","category-ode-mnie","tag-biznes","tag-kobiecy-biznes","tag-life","tag-marketing"],"_links":{"self":[{"href":"https:\/\/magdaartcrafting.pl\/index.php?rest_route=\/wp\/v2\/posts\/449","targetHints":{"allow":["GET"]}}],"collection":[{"href":"https:\/\/magdaartcrafting.pl\/index.php?rest_route=\/wp\/v2\/posts"}],"about":[{"href":"https:\/\/magdaartcrafting.pl\/index.php?rest_route=\/wp\/v2\/types\/post"}],"author":[{"embeddable":true,"href":"https:\/\/magdaartcrafting.pl\/index.php?rest_route=\/wp\/v2\/users\/1"}],"replies":[{"embeddable":true,"href":"https:\/\/magdaartcrafting.pl\/index.php?rest_route=%2Fwp%2Fv2%2Fcomments&post=449"}],"version-history":[{"count":3,"href":"https:\/\/magdaartcrafting.pl\/index.php?rest_route=\/wp\/v2\/posts\/449\/revisions"}],"predecessor-version":[{"id":468,"href":"https:\/\/magdaartcrafting.pl\/index.php?rest_route=\/wp\/v2\/posts\/449\/revisions\/468"}],"wp:attachment":[{"href":"https:\/\/magdaartcrafting.pl\/index.php?rest_route=%2Fwp%2Fv2%2Fmedia&parent=449"}],"wp:term":[{"taxonomy":"category","embeddable":true,"href":"https:\/\/magdaartcrafting.pl\/index.php?rest_route=%2Fwp%2Fv2%2Fcategories&post=449"},{"taxonomy":"post_tag","embeddable":true,"href":"https:\/\/magdaartcrafting.pl\/index.php?rest_route=%2Fwp%2Fv2%2Ftags&post=449"}],"curies":[{"name":"wp","href":"https:\/\/api.w.org\/{rel}","templated":true}]}}