{"id":416,"date":"2025-09-03T16:23:53","date_gmt":"2025-09-03T14:23:53","guid":{"rendered":"https:\/\/magdagleinert.wordpress.com\/?p=416"},"modified":"2025-09-03T16:23:53","modified_gmt":"2025-09-03T14:23:53","slug":"jesien-w-modzie-czas-na-nowe-dodatki","status":"publish","type":"post","link":"https:\/\/magdaartcrafting.pl\/?p=416","title":{"rendered":"Jesie\u0144 w modzie \u2013 czas na nowe dodatki!"},"content":{"rendered":"\n<p class=\"wp-block-paragraph\">Jesie\u0144 to wyj\u0105tkowa pora roku. Dni staj\u0105 si\u0119 kr\u00f3tsze, \u015bwiat spowija ciep\u0142e \u015bwiat\u0142o, a w naszych stylizacjach pojawia si\u0119 wi\u0119cej przytulno\u015bci i elegancji. <\/p>\n\n\n\n<p class=\"wp-block-paragraph\">To idealny moment, aby od\u015bwie\u017cy\u0107 garderob\u0119 i doda\u0107 kilka akcesori\u00f3w, kt\u00f3re b\u0119d\u0105 nie tylko praktyczne, ale te\u017c podkre\u015bl\u0105 Tw\u00f3j styl.<\/p>\n\n\n\n<p class=\"wp-block-paragraph\">3 dodatki, kt\u00f3re warto mie\u0107 tej jesieni:<\/p>\n\n\n\n<p class=\"wp-block-paragraph\">1.<strong> Torebka shopper<\/strong> \u2013 du\u017ca, pojemna i elegancka. Idealna do pracy, na uczelni\u0119 czy codzienne wyj\u015bcia. Jesieni\u0105 sprawdzi si\u0119 w odcieniach karmelu, br\u0105zu czy klasycznej czerni.<\/p>\n\n\n\n<p class=\"wp-block-paragraph\">2. <strong>Delikatna bi\u017cuteria<\/strong> \u2013 z\u0142ote \u0142a\u0144cuszki, minimalistyczne pier\u015bcionki czy kolczyki wprowadzaj\u0105 subtelny b\u0142ysk, kt\u00f3ry pi\u0119knie komponuje si\u0119 z we\u0142nianymi swetrami i p\u0142aszczami.<\/p>\n\n\n\n<p class=\"wp-block-paragraph\">3. <strong>Apaszka lub szalik<\/strong> \u2013 dodaje uroku i charakteru nawet najprostszej stylizacji. Wybieraj ciep\u0142e barwy ziemi, kt\u00f3re od razu kojarz\u0105 si\u0119 z jesiennym klimatem.<\/p>\n\n\n\n<p class=\"wp-block-paragraph\">Te trzy elementy sprawi\u0105, \u017ce Twoje stylizacje zyskaj\u0105 \u015bwie\u017cy, elegancki charakter \u2013 bez konieczno\u015bci ca\u0142kowitej wymiany garderoby.<\/p>\n","protected":false},"excerpt":{"rendered":"<p>Jesie\u0144 to wyj\u0105tkowa pora roku. Dni staj\u0105 si\u0119 kr\u00f3tsze, \u015bwiat spowija ciep\u0142e \u015bwiat\u0142o, a w naszych stylizacjach pojawia si\u0119 wi\u0119cej przytulno\u015bci i elegancji. To idealny moment, aby od\u015bwie\u017cy\u0107 garderob\u0119 i doda\u0107 kilka akcesori\u00f3w, kt\u00f3re b\u0119d\u0105 nie tylko praktyczne, ale te\u017c podkre\u015bl\u0105 Tw\u00f3j styl. 3 dodatki, kt\u00f3re warto mie\u0107 tej jesieni: 1. Torebka shopper \u2013 du\u017ca, [&hellip;]<\/p>\n","protected":false},"author":1,"featured_media":418,"comment_status":"open","ping_status":"open","sticky":false,"template":"","format":"standard","meta":{"footnotes":""},"categories":[28,29],"tags":[34,40,43,44,52,54],"class_list":["post-416","post","type-post","status-publish","format-standard","has-post-thumbnail","hentry","category-blog","category-ode-mnie","tag-biznes","tag-handmade","tag-kobiecy-biznes","tag-life","tag-szytewpolsce","tag-torebki"],"_links":{"self":[{"href":"https:\/\/magdaartcrafting.pl\/index.php?rest_route=\/wp\/v2\/posts\/416","targetHints":{"allow":["GET"]}}],"collection":[{"href":"https:\/\/magdaartcrafting.pl\/index.php?rest_route=\/wp\/v2\/posts"}],"about":[{"href":"https:\/\/magdaartcrafting.pl\/index.php?rest_route=\/wp\/v2\/types\/post"}],"author":[{"embeddable":true,"href":"https:\/\/magdaartcrafting.pl\/index.php?rest_route=\/wp\/v2\/users\/1"}],"replies":[{"embeddable":true,"href":"https:\/\/magdaartcrafting.pl\/index.php?rest_route=%2Fwp%2Fv2%2Fcomments&post=416"}],"version-history":[{"count":0,"href":"https:\/\/magdaartcrafting.pl\/index.php?rest_route=\/wp\/v2\/posts\/416\/revisions"}],"wp:attachment":[{"href":"https:\/\/magdaartcrafting.pl\/index.php?rest_route=%2Fwp%2Fv2%2Fmedia&parent=416"}],"wp:term":[{"taxonomy":"category","embeddable":true,"href":"https:\/\/magdaartcrafting.pl\/index.php?rest_route=%2Fwp%2Fv2%2Fcategories&post=416"},{"taxonomy":"post_tag","embeddable":true,"href":"https:\/\/magdaartcrafting.pl\/index.php?rest_route=%2Fwp%2Fv2%2Ftags&post=416"}],"curies":[{"name":"wp","href":"https:\/\/api.w.org\/{rel}","templated":true}]}}